{"id":5659,"date":"2016-06-27T23:12:30","date_gmt":"2016-06-27T22:12:30","guid":{"rendered":"http:\/\/mevme.com\/lizblog\/?p=5659"},"modified":"2016-06-27T23:19:37","modified_gmt":"2016-06-27T22:19:37","slug":"die-zweiundzwanzigste-woche-jahr","status":"publish","type":"post","link":"http:\/\/mevme.com\/lizblog\/die-zweiundzwanzigste-woche-jahr\/","title":{"rendered":"Die zweiundzwanzigste Woche Jahr"},"content":{"rendered":"<p><img src=\"http:\/\/foto.arcor-online.net\/palb\/alben\/73\/763473\/3565616338643339.jpg\" alt=\"Opi\" \/><\/p>\n<p>Wir sitzen im Park an einem der hei\u00dfen Tage und in der Wiese ist ein Loch, in das immer mal jemand f\u00e4llt, und wir wissen nicht genau, ob es ein Absichtsloch ist, wir sitzen ja schlie\u00dflich in sicherer Entfernung auf mehreren Decken, aber wenn einer dieser Spazierg\u00e4nger, die sehr aufrecht spazieren, wenn einer von denen kurz nicht aufpasst, dann schauen wir alle und manchmal strauchelt jemand und f\u00e4llt kurz aus der Form, aber dann kommt der eine Mann, der sich hineinlegt, in das Loch, als w\u00fcrde er das jeden Tag tun. Wir k\u00f6nnen das nicht \u00fcberpr\u00fcfen, aber er liegt dann da mit den Unterschenkeln auf dem Rand und den Armen abgelegt wie auf einer Badewanne und die Sonne scheint ihm auf den Kopf und als wir uns das n\u00e4chste Mal umdrehen, ist er weg.<br \/>\n&#8211;<\/p>\n<p>Rainer Langhans ver\u00f6ffentlicht dieses eine Foto von Jutta Winkelmann auf Instagram und ich wei\u00df gar nicht mehr, wo ich bin, als ich es sehe, aber ich stocke, das wei\u00df ich noch sehr genau. &#8222;Jutta \u00fcbt Sterben&#8220; steht darunter. Und ich denke erst, das ist ein Witz. Dann google ich. Dann wei\u00df ich, er meint das so. Die deutsche \u00d6ffentlichkeit sieht nicht so h\u00e4ufig Menschen sterben, wir legen das ja gern noch weg oder schalten um, oder tun so, als w\u00e4ren die Nachrichten und die Konsequenzen und all das ganze andere Unangenehme, als w\u00e4re das doch irgendwie zu verkraften, wenn wir lange genug  nicht hinh\u00f6rten. Jedenfalls sieht man auf dem Foto davor einen jungen Mann in einem Holzhaus sitzen, und auf dem Foto danach Heidi Klum auf einem ZEITmagazin-Cover und mir f\u00e4llt kein kluger Gedanke ein, aber ich frage mich dann, ob er sie eigentlich gefragt hat, ob er das Foto posten kann, und komme mir sofort l\u00e4cherlich vor dabei, denn eigentlich sp\u00fcre ich vor allem, dass es mich r\u00fcttelt, dieses Bild, und dass das gesund ist.<br \/>\n&#8211;<\/p>\n<p>Wir sind mit A. und C. und M. auf dem Spielplatz und die Kinder klettern gerade unter die Drehscheibe, als vor dem Zaun ein kleiner Junge steht und dar\u00fcber motzt, dass wir unsere Decken auf der Drehscheibe ausgebreitet haben und darauf ein kleines Picknick machen, er w\u00fctet und schimpft und zielt mit seinem Stock auf uns. Ich denke erst, das ist ein Witz, gleich wird er lachen, aber lachte nicht, und w\u00fctete weiter, aber blieb stehen, wir stellten ihm Fragen, sehr freundlich. Warum er so w\u00fctend sei. Ob er nicht lieber mit uns picknicken oder zumindest spielen wolle. Nach jeder Tirade kommt er ein paar Schritte n\u00e4her auf uns zu. Seine Drohungen reichen von Schl\u00e4gen bis zum Erschie\u00dfen. &#8222;Ich schlitze euch auf&#8220;, sagt er und fuchtelt mit seinem Stock und wundere mich \u00fcber die viele Spucke, die er vor \u00c4rger verliert, und weniger vor \u00c4rger \u00fcber unsere Decken auf dem defekten Spielger\u00e4t, als mehr dar\u00fcber, dass seine Drohungen nicht funktionieren. Wir laden ihn ein zu Limo und Keksen, er flucht weiter und sagt uns, was nicht alles verboten sei, und da ist mein Mitleid schon babyelefantengro\u00df, er trinkt durstig aus der Limo und schaut sich um und h\u00f6rt nicht auf zu fluchen, jetzt aber leiser, also \u00fcber uns und dass er uns bestrafen w\u00fcrde, und dann ruft ihn sein Vater zu sich und kommt uns entgegen, ermahnt ihn wegen der Limonade und das Kind ist nun ganz still und sagt kein Wort mehr. Wie fragen noch einmal nach der L\u00f6sung mit dem Aufschlitzen, also ob das wirklich seine pr\u00e4ferierte Ma\u00dfnahme sei, jetzt wo wir doch so nett Limo getrunken h\u00e4tten, und der Vater h\u00e4ngt irgendwie in der Luft zwischen Betroffenheit und einem Ton, den ich nicht deuten konnte, aber das war irgendwas anderes, irgendetwas mit Emp\u00f6rung. Sp\u00e4ter unter der Rutsche treffe ich den kleinen Jungen wieder, erneut verheddert er sich stotternd in seinen Tiraden von aufgeschlitzten Gesichtern und K\u00f6rpern, alle B\u00e4ume w\u00fcrden in k\u00fcrzester Zeit auf uns niederst\u00fcrzen, wenn er das nur wolle und wir w\u00fcrden all unsere Arme und Beine verlieren. Es klingt so albern, aber ich hole eine neue Flasche Limonade und gebe ihm die Hand und sage: Schau, ist noch dran. Und dann ist er wieder still und trinkt und malt mit dem Stock ein Bild in den Sand. Ich hab noch lange an ihn gedacht.<br \/>\n&#8211;<\/p>\n<p>An der T\u00fcr von Opa h\u00e4ngt ein Zettel. Dort schreibt er die Dinge auf, die nicht so gut laufen. Das Gehen zum Beispiel. Manchmal vergisst er aus dem Nichts Dinge, deswegen schreibt er sie auf. An die hohe Matratze hat er sich gew\u00f6hnt, aber um die Pflanzen im Garten macht er sich Sorgen, die gro\u00dfen und kleinen Zwiebeln, das m\u00fcsse man richtig machen, sonst werde das nichts. Sp\u00e4ter beim Essen sitzen wir an den rosa Tischen und er f\u00fcttert die Spatzen. Eines der Dinge, die er aufschreibt, ist, dass er die Dinge vergisst. <\/p>\n","protected":false},"excerpt":{"rendered":"<p>Wir sitzen im Park an einem der hei\u00dfen Tage und in der Wiese ist ein Loch, in das immer mal jemand f\u00e4llt, und wir wissen nicht genau, ob es ein Absichtsloch ist, wir sitzen ja schlie\u00dflich in sicherer Entfernung auf mehreren Decken, aber wenn einer dieser Spazierg\u00e4nger, die sehr aufrecht spazieren, wenn einer von denen [&hellip;]<\/p>\n","protected":false},"author":1,"featured_media":0,"comment_status":"open","ping_status":"open","sticky":false,"template":"","format":"standard","meta":[],"categories":[2],"tags":[],"_links":{"self":[{"href":"http:\/\/mevme.com\/lizblog\/wp-json\/wp\/v2\/posts\/5659"}],"collection":[{"href":"http:\/\/mevme.com\/lizblog\/wp-json\/wp\/v2\/posts"}],"about":[{"href":"http:\/\/mevme.com\/lizblog\/wp-json\/wp\/v2\/types\/post"}],"author":[{"embeddable":true,"href":"http:\/\/mevme.com\/lizblog\/wp-json\/wp\/v2\/users\/1"}],"replies":[{"embeddable":true,"href":"http:\/\/mevme.com\/lizblog\/wp-json\/wp\/v2\/comments?post=5659"}],"version-history":[{"count":8,"href":"http:\/\/mevme.com\/lizblog\/wp-json\/wp\/v2\/posts\/5659\/revisions"}],"predecessor-version":[{"id":5666,"href":"http:\/\/mevme.com\/lizblog\/wp-json\/wp\/v2\/posts\/5659\/revisions\/5666"}],"wp:attachment":[{"href":"http:\/\/mevme.com\/lizblog\/wp-json\/wp\/v2\/media?parent=5659"}],"wp:term":[{"taxonomy":"category","embeddable":true,"href":"http:\/\/mevme.com\/lizblog\/wp-json\/wp\/v2\/categories?post=5659"},{"taxonomy":"post_tag","embeddable":true,"href":"http:\/\/mevme.com\/lizblog\/wp-json\/wp\/v2\/tags?post=5659"}],"curies":[{"name":"wp","href":"https:\/\/api.w.org\/{rel}","templated":true}]}}