{"id":3801,"date":"2013-05-16T17:11:12","date_gmt":"2013-05-16T16:11:12","guid":{"rendered":"http:\/\/mevme.com\/lizblog\/?p=3801"},"modified":"2014-11-20T23:34:37","modified_gmt":"2014-11-20T22:34:37","slug":"was-passiert","status":"publish","type":"post","link":"http:\/\/mevme.com\/lizblog\/was-passiert\/","title":{"rendered":"Was passiert."},"content":{"rendered":"<p>Es ist viel, es ist viel Fr\u00fchling und viel in der Luft, das Jahr w\u00e4lzt sich unruhig herum und zwischendurch tanze ich auf verschiedenen Hochzeiten und Baustellen. In K\u00fcrze:<\/p>\n<p>Ich habe auf der <a href=\"http:\/\/www.re-publica.de\/\">re:publica<\/a> \u00fcber &#8222;<a href=\"http:\/\/re-publica.de\/sessions\/bis-dass-tod-uns-scheidet-soziale-medien-und-umgang-dem-sterben\">Soziale Medien und den Umgang mit dem Sterben<\/a>&#8220; gesprochen. Kein klassischer Vortrag, eher eine Standup-Fragerunde von meiner Seite. Ich danke allen Zuh\u00f6rern, engagierten Fragestellern und mir danach tolle E-Mails schickenden Menschen, bald folgt noch einmal eine geschriebene Fassung hier im Blog, ich muss mich dazu aber erst noch einmal sortieren.<\/p>\n<p><iframe loading=\"lazy\" width=\"600\" height=\"338\" src=\"http:\/\/www.youtube.com\/embed\/z3uu3sxRyHA\" frameborder=\"0\" allowfullscreen><\/iframe><\/p>\n<p>Zudem freue ich mich sehr, bald im News Room von <a href=\"http:\/\/www.zeitonline.de\">Zeit Online<\/a> lesen zu d\u00fcrfen. Der Eintritt f\u00fcr die Lesung am 13.06., die von Zeit Online Redakteur David Hugendick moderiert wird, ist frei, es wird jedoch um <a href=\"http:\/\/de.amiando.com\/lesung2_zeitonline.html\">Anmeldung<\/a> gebeten. <\/p>\n<p><img src=\"http:\/\/foto.arcor-online.net\/palb\/alben\/73\/763473\/3139656161323637.jpg\" alt=\"Zeit Online Lesung\" \/><\/p>\n<p>(Was f\u00fcr Zeiten, meine G\u00fcte.)<\/p>\n","protected":false},"excerpt":{"rendered":"<p>Es ist viel, es ist viel Fr\u00fchling und viel in der Luft, das Jahr w\u00e4lzt sich unruhig herum und zwischendurch tanze ich auf verschiedenen Hochzeiten und Baustellen. In K\u00fcrze: Ich habe auf der re:publica \u00fcber &#8222;Soziale Medien und den Umgang mit dem Sterben&#8220; gesprochen. Kein klassischer Vortrag, eher eine Standup-Fragerunde von meiner Seite. Ich danke [&hellip;]<\/p>\n","protected":false},"author":1,"featured_media":0,"comment_status":"open","ping_status":"open","sticky":false,"template":"","format":"standard","meta":[],"categories":[37],"tags":[],"_links":{"self":[{"href":"http:\/\/mevme.com\/lizblog\/wp-json\/wp\/v2\/posts\/3801"}],"collection":[{"href":"http:\/\/mevme.com\/lizblog\/wp-json\/wp\/v2\/posts"}],"about":[{"href":"http:\/\/mevme.com\/lizblog\/wp-json\/wp\/v2\/types\/post"}],"author":[{"embeddable":true,"href":"http:\/\/mevme.com\/lizblog\/wp-json\/wp\/v2\/users\/1"}],"replies":[{"embeddable":true,"href":"http:\/\/mevme.com\/lizblog\/wp-json\/wp\/v2\/comments?post=3801"}],"version-history":[{"count":3,"href":"http:\/\/mevme.com\/lizblog\/wp-json\/wp\/v2\/posts\/3801\/revisions"}],"predecessor-version":[{"id":5002,"href":"http:\/\/mevme.com\/lizblog\/wp-json\/wp\/v2\/posts\/3801\/revisions\/5002"}],"wp:attachment":[{"href":"http:\/\/mevme.com\/lizblog\/wp-json\/wp\/v2\/media?parent=3801"}],"wp:term":[{"taxonomy":"category","embeddable":true,"href":"http:\/\/mevme.com\/lizblog\/wp-json\/wp\/v2\/categories?post=3801"},{"taxonomy":"post_tag","embeddable":true,"href":"http:\/\/mevme.com\/lizblog\/wp-json\/wp\/v2\/tags?post=3801"}],"curies":[{"name":"wp","href":"https:\/\/api.w.org\/{rel}","templated":true}]}}